{"id":1084,"date":"2024-04-13T22:00:00","date_gmt":"2024-04-13T20:00:00","guid":{"rendered":"https:\/\/pgraber.org\/blog\/?p=1084"},"modified":"2026-08-26T11:01:20","modified_gmt":"2026-08-26T09:01:20","slug":"capo-testa-promontoire-face-a-la-corse","status":"publish","type":"post","link":"https:\/\/pgraber.org\/blog\/capo-testa-promontoire-face-a-la-corse\/","title":{"rendered":"Capo Testa, promontoire face \u00e0 la Corse"},"content":{"rendered":"\n<p class=\"wp-block-paragraph\">Journ\u00e9e de plein air aujourd\u2019hui tout au nord de l\u2019\u00eele \u00e0 seulement une douzaine de kilom\u00e8tres de la Corse (Bonifacio).<\/p>\n\n\n\n<figure class=\"wp-block-image size-large\"><img decoding=\"async\" src=\"https:\/\/photos.pgraber.org\/_data\/i\/upload\/2026\/08\/26\/20260826082752-b3a0e2d7-xl.jpg\" alt=\"\"\/><figcaption class=\"wp-element-caption\"><em>Phare de Capo Testa. La Corse \u00e0 l&rsquo;horizon&#8230;<\/em><\/figcaption><\/figure>\n\n\n\n<p class=\"wp-block-paragraph\">Le moins que l\u2019on puisse dire est qu\u2019il s\u2019agit d\u2019une excursion incontournable\u2026<\/p>\n\n\n\n<!--more-->\n\n\n\n<figure class=\"wp-block-image size-large\"><img decoding=\"async\" src=\"https:\/\/photos.pgraber.org\/_data\/i\/upload\/2026\/08\/26\/20260826082718-69a6d3e2-xl.jpg\" alt=\"\"\/><figcaption class=\"wp-element-caption\"><em>Premier coup d\u2019\u0153il en sortant de l&rsquo;auto au parking. Saisissant !<\/em><\/figcaption><\/figure>\n\n\n\n<p class=\"wp-block-paragraph\">Capo Testa fait face au d\u00e9troit de Bonifacio. On y trouve des plages et des champs de roches granitiques \u00e9voquant un paysage lunaire (Valle della Luna).<\/p>\n\n\n\n<figure class=\"wp-block-image size-large\"><img decoding=\"async\" src=\"https:\/\/photos.pgraber.org\/_data\/i\/upload\/2026\/08\/26\/20260826082738-ea6a2db9-xl.jpg\" alt=\"\"\/><\/figure>\n\n\n\n<figure class=\"wp-block-image size-large\"><img decoding=\"async\" src=\"https:\/\/photos.pgraber.org\/_data\/i\/upload\/2026\/08\/26\/20260826082810-0d85e112-xl.jpg\" alt=\"\"\/><\/figure>\n\n\n\n<figure class=\"wp-block-image size-large\"><img decoding=\"async\" src=\"https:\/\/photos.pgraber.org\/_data\/i\/upload\/2026\/08\/26\/20260826082814-93b87a48-xl.jpg\" alt=\"\"\/><\/figure>\n\n\n\n<figure class=\"wp-block-image size-large\"><img decoding=\"async\" src=\"https:\/\/photos.pgraber.org\/_data\/i\/upload\/2026\/08\/26\/20260826082735-6a0c324b-xl.jpg\" alt=\"\"\/><\/figure>\n\n\n\n<figure class=\"wp-block-image size-large\"><img decoding=\"async\" src=\"https:\/\/photos.pgraber.org\/_data\/i\/upload\/2026\/08\/26\/20260826082818-0d01595c-xl.jpg\" alt=\"\"\/><\/figure>\n\n\n\n<figure class=\"wp-block-image size-large\"><img decoding=\"async\" src=\"https:\/\/photos.pgraber.org\/_data\/i\/upload\/2026\/08\/26\/20260826082815-2c496edb-xl.jpg\" alt=\"\"\/><\/figure>\n\n\n\n<p class=\"wp-block-paragraph\"><strong><a href=\"https:\/\/photos.pgraber.org\/index.php?\/category\/162\" target=\"_blank\" rel=\"noreferrer noopener\">Vers la galerie de photos<\/a><\/strong>.<\/p>\n","protected":false},"excerpt":{"rendered":"<p>Journ\u00e9e de plein air aujourd\u2019hui tout au nord de l\u2019\u00eele \u00e0 seulement une douzaine de kilom\u00e8tres de la Corse (Bonifacio). Le moins que l\u2019on puisse dire est qu\u2019il s\u2019agit d\u2019une excursion incontournable\u2026<\/p>\n","protected":false},"author":1,"featured_media":0,"comment_status":"open","ping_status":"open","sticky":false,"template":"","format":"standard","meta":{"_jetpack_newsletter_access":"","_jetpack_dont_email_post_to_subs":false,"_jetpack_newsletter_tier_id":0,"_jetpack_memberships_contains_paywalled_content":false,"_jetpack_feature_clip_id":0,"_jetpack_memberships_contains_paid_content":false,"footnotes":"","jetpack_post_was_ever_published":false},"categories":[33,11],"tags":[],"class_list":["post-1084","post","type-post","status-publish","format-standard","hentry","category-sardaigne","category-voyage","no-thumb"],"yoast_head":"<!-- This site is optimized with the Yoast SEO plugin v28.4 - https:\/\/yoast.com\/product\/yoast-seo-wordpress\/ -->\n<title>Capo Testa, promontoire face \u00e0 la Corse &#8211; Blog-notes<\/title>\n<meta name=\"robots\" content=\"index, follow, max-snippet:-1, max-image-preview:large, max-video-preview:-1\" \/>\n<link rel=\"canonical\" href=\"https:\/\/pgraber.org\/blog\/capo-testa-promontoire-face-a-la-corse\/\" \/>\n<meta property=\"og:locale\" content=\"fr_FR\" \/>\n<meta property=\"og:type\" content=\"article\" \/>\n<meta property=\"og:title\" content=\"Capo Testa, promontoire face \u00e0 la Corse &#8211; Blog-notes\" \/>\n<meta property=\"og:description\" content=\"Journ\u00e9e de plein air aujourd\u2019hui tout au nord de l\u2019\u00eele \u00e0 seulement une douzaine de kilom\u00e8tres de la Corse (Bonifacio). Le moins que l\u2019on puisse dire est qu\u2019il s\u2019agit d\u2019une excursion incontournable\u2026\" \/>\n<meta property=\"og:url\" content=\"https:\/\/pgraber.org\/blog\/capo-testa-promontoire-face-a-la-corse\/\" \/>\n<meta property=\"og:site_name\" content=\"Blog-notes\" \/>\n<meta property=\"article:publisher\" content=\"https:\/\/www.facebook.com\/graberp\/\" \/>\n<meta property=\"article:author\" content=\"https:\/\/www.facebook.com\/graberp\/\" \/>\n<meta property=\"article:published_time\" content=\"2024-04-13T20:00:00+00:00\" \/>\n<meta property=\"article:modified_time\" content=\"2026-08-26T09:01:20+00:00\" \/>\n<meta property=\"og:image\" content=\"https:\/\/photos.pgraber.org\/_data\/i\/upload\/2026\/08\/26\/20260826082752-b3a0e2d7-xl.jpg\" \/>\n<meta name=\"author\" content=\"Pierre Graber\" \/>\n<meta name=\"twitter:card\" content=\"summary_large_image\" \/>\n<meta name=\"twitter:label1\" content=\"\u00c9crit par\" \/>\n\t<meta name=\"twitter:data1\" content=\"Pierre Graber\" \/>\n\t<meta name=\"twitter:label2\" content=\"Dur\u00e9e de lecture estim\u00e9e\" \/>\n\t<meta name=\"twitter:data2\" content=\"3 minutes\" \/>\n<script type=\"application\/ld+json\" class=\"yoast-schema-graph\">{\"@context\":\"https:\\\/\\\/schema.org\",\"@graph\":[{\"@type\":\"Article\",\"@id\":\"https:\\\/\\\/pgraber.org\\\/blog\\\/capo-testa-promontoire-face-a-la-corse\\\/#article\",\"isPartOf\":{\"@id\":\"https:\\\/\\\/pgraber.org\\\/blog\\\/capo-testa-promontoire-face-a-la-corse\\\/\"},\"author\":{\"name\":\"Pierre Graber\",\"@id\":\"https:\\\/\\\/pgraber.org\\\/blog\\\/#\\\/schema\\\/person\\\/8e14accee473764711ea8a64bc9a754a\"},\"headline\":\"Capo Testa, promontoire face \u00e0 la Corse\",\"datePublished\":\"2024-04-13T20:00:00+00:00\",\"dateModified\":\"2026-08-26T09:01:20+00:00\",\"mainEntityOfPage\":{\"@id\":\"https:\\\/\\\/pgraber.org\\\/blog\\\/capo-testa-promontoire-face-a-la-corse\\\/\"},\"wordCount\":97,\"commentCount\":0,\"publisher\":{\"@id\":\"https:\\\/\\\/pgraber.org\\\/blog\\\/#\\\/schema\\\/person\\\/8e14accee473764711ea8a64bc9a754a\"},\"image\":{\"@id\":\"https:\\\/\\\/pgraber.org\\\/blog\\\/capo-testa-promontoire-face-a-la-corse\\\/#primaryimage\"},\"thumbnailUrl\":\"https:\\\/\\\/photos.pgraber.org\\\/_data\\\/i\\\/upload\\\/2026\\\/08\\\/26\\\/20260826082752-b3a0e2d7-xl.jpg\",\"articleSection\":[\"Sardaigne\",\"Voyage\"],\"inLanguage\":\"fr-FR\",\"potentialAction\":[{\"@type\":\"CommentAction\",\"name\":\"Comment\",\"target\":[\"https:\\\/\\\/pgraber.org\\\/blog\\\/capo-testa-promontoire-face-a-la-corse\\\/#respond\"]}]},{\"@type\":\"WebPage\",\"@id\":\"https:\\\/\\\/pgraber.org\\\/blog\\\/capo-testa-promontoire-face-a-la-corse\\\/\",\"url\":\"https:\\\/\\\/pgraber.org\\\/blog\\\/capo-testa-promontoire-face-a-la-corse\\\/\",\"name\":\"Capo Testa, promontoire face \u00e0 la Corse &#8211; Blog-notes\",\"isPartOf\":{\"@id\":\"https:\\\/\\\/pgraber.org\\\/blog\\\/#website\"},\"primaryImageOfPage\":{\"@id\":\"https:\\\/\\\/pgraber.org\\\/blog\\\/capo-testa-promontoire-face-a-la-corse\\\/#primaryimage\"},\"image\":{\"@id\":\"https:\\\/\\\/pgraber.org\\\/blog\\\/capo-testa-promontoire-face-a-la-corse\\\/#primaryimage\"},\"thumbnailUrl\":\"https:\\\/\\\/photos.pgraber.org\\\/_data\\\/i\\\/upload\\\/2026\\\/08\\\/26\\\/20260826082752-b3a0e2d7-xl.jpg\",\"datePublished\":\"2024-04-13T20:00:00+00:00\",\"dateModified\":\"2026-08-26T09:01:20+00:00\",\"breadcrumb\":{\"@id\":\"https:\\\/\\\/pgraber.org\\\/blog\\\/capo-testa-promontoire-face-a-la-corse\\\/#breadcrumb\"},\"inLanguage\":\"fr-FR\",\"potentialAction\":[{\"@type\":\"ReadAction\",\"target\":[\"https:\\\/\\\/pgraber.org\\\/blog\\\/capo-testa-promontoire-face-a-la-corse\\\/\"]}]},{\"@type\":\"ImageObject\",\"inLanguage\":\"fr-FR\",\"@id\":\"https:\\\/\\\/pgraber.org\\\/blog\\\/capo-testa-promontoire-face-a-la-corse\\\/#primaryimage\",\"url\":\"https:\\\/\\\/photos.pgraber.org\\\/_data\\\/i\\\/upload\\\/2026\\\/08\\\/26\\\/20260826082752-b3a0e2d7-xl.jpg\",\"contentUrl\":\"https:\\\/\\\/photos.pgraber.org\\\/_data\\\/i\\\/upload\\\/2026\\\/08\\\/26\\\/20260826082752-b3a0e2d7-xl.jpg\"},{\"@type\":\"BreadcrumbList\",\"@id\":\"https:\\\/\\\/pgraber.org\\\/blog\\\/capo-testa-promontoire-face-a-la-corse\\\/#breadcrumb\",\"itemListElement\":[{\"@type\":\"ListItem\",\"position\":1,\"name\":\"Accueil\",\"item\":\"https:\\\/\\\/pgraber.org\\\/blog\\\/\"},{\"@type\":\"ListItem\",\"position\":2,\"name\":\"Capo Testa, promontoire face \u00e0 la Corse\"}]},{\"@type\":\"WebSite\",\"@id\":\"https:\\\/\\\/pgraber.org\\\/blog\\\/#website\",\"url\":\"https:\\\/\\\/pgraber.org\\\/blog\\\/\",\"name\":\"Blog-notes\",\"description\":\"\u00c9ph\u00e9m\u00e9ritudes\",\"publisher\":{\"@id\":\"https:\\\/\\\/pgraber.org\\\/blog\\\/#\\\/schema\\\/person\\\/8e14accee473764711ea8a64bc9a754a\"},\"potentialAction\":[{\"@type\":\"SearchAction\",\"target\":{\"@type\":\"EntryPoint\",\"urlTemplate\":\"https:\\\/\\\/pgraber.org\\\/blog\\\/?s={search_term_string}\"},\"query-input\":{\"@type\":\"PropertyValueSpecification\",\"valueRequired\":true,\"valueName\":\"search_term_string\"}}],\"inLanguage\":\"fr-FR\"},{\"@type\":[\"Person\",\"Organization\"],\"@id\":\"https:\\\/\\\/pgraber.org\\\/blog\\\/#\\\/schema\\\/person\\\/8e14accee473764711ea8a64bc9a754a\",\"name\":\"Pierre Graber\",\"image\":{\"@type\":\"ImageObject\",\"inLanguage\":\"fr-FR\",\"@id\":\"https:\\\/\\\/pgraber.org\\\/blog\\\/wp-content\\\/uploads\\\/2021\\\/03\\\/blog-notes21.png\",\"url\":\"https:\\\/\\\/pgraber.org\\\/blog\\\/wp-content\\\/uploads\\\/2021\\\/03\\\/blog-notes21.png\",\"contentUrl\":\"https:\\\/\\\/pgraber.org\\\/blog\\\/wp-content\\\/uploads\\\/2021\\\/03\\\/blog-notes21.png\",\"width\":1600,\"height\":400,\"caption\":\"Pierre Graber\"},\"logo\":{\"@id\":\"https:\\\/\\\/pgraber.org\\\/blog\\\/wp-content\\\/uploads\\\/2021\\\/03\\\/blog-notes21.png\"},\"description\":\"Enseignant retrait\u00e9. Accueil en chambres d'h\u00f4tes \u00e0 Bevaix.\",\"sameAs\":[\"https:\\\/\\\/pgraber.org\\\/blog\",\"https:\\\/\\\/www.facebook.com\\\/graberp\\\/\"]}]}<\/script>\n<!-- \/ Yoast SEO plugin. -->","yoast_head_json":{"title":"Capo Testa, promontoire face \u00e0 la Corse &#8211; Blog-notes","robots":{"index":"index","follow":"follow","max-snippet":"max-snippet:-1","max-image-preview":"max-image-preview:large","max-video-preview":"max-video-preview:-1"},"canonical":"https:\/\/pgraber.org\/blog\/capo-testa-promontoire-face-a-la-corse\/","og_locale":"fr_FR","og_type":"article","og_title":"Capo Testa, promontoire face \u00e0 la Corse &#8211; Blog-notes","og_description":"Journ\u00e9e de plein air aujourd\u2019hui tout au nord de l\u2019\u00eele \u00e0 seulement une douzaine de kilom\u00e8tres de la Corse (Bonifacio). Le moins que l\u2019on puisse dire est qu\u2019il s\u2019agit d\u2019une excursion incontournable\u2026","og_url":"https:\/\/pgraber.org\/blog\/capo-testa-promontoire-face-a-la-corse\/","og_site_name":"Blog-notes","article_publisher":"https:\/\/www.facebook.com\/graberp\/","article_author":"https:\/\/www.facebook.com\/graberp\/","article_published_time":"2024-04-13T20:00:00+00:00","article_modified_time":"2026-08-26T09:01:20+00:00","og_image":[{"url":"https:\/\/photos.pgraber.org\/_data\/i\/upload\/2026\/08\/26\/20260826082752-b3a0e2d7-xl.jpg","type":"","width":"","height":""}],"author":"Pierre Graber","twitter_card":"summary_large_image","twitter_misc":{"\u00c9crit par":"Pierre Graber","Dur\u00e9e de lecture estim\u00e9e":"3 minutes"},"schema":{"@context":"https:\/\/schema.org","@graph":[{"@type":"Article","@id":"https:\/\/pgraber.org\/blog\/capo-testa-promontoire-face-a-la-corse\/#article","isPartOf":{"@id":"https:\/\/pgraber.org\/blog\/capo-testa-promontoire-face-a-la-corse\/"},"author":{"name":"Pierre Graber","@id":"https:\/\/pgraber.org\/blog\/#\/schema\/person\/8e14accee473764711ea8a64bc9a754a"},"headline":"Capo Testa, promontoire face \u00e0 la Corse","datePublished":"2024-04-13T20:00:00+00:00","dateModified":"2026-08-26T09:01:20+00:00","mainEntityOfPage":{"@id":"https:\/\/pgraber.org\/blog\/capo-testa-promontoire-face-a-la-corse\/"},"wordCount":97,"commentCount":0,"publisher":{"@id":"https:\/\/pgraber.org\/blog\/#\/schema\/person\/8e14accee473764711ea8a64bc9a754a"},"image":{"@id":"https:\/\/pgraber.org\/blog\/capo-testa-promontoire-face-a-la-corse\/#primaryimage"},"thumbnailUrl":"https:\/\/photos.pgraber.org\/_data\/i\/upload\/2026\/08\/26\/20260826082752-b3a0e2d7-xl.jpg","articleSection":["Sardaigne","Voyage"],"inLanguage":"fr-FR","potentialAction":[{"@type":"CommentAction","name":"Comment","target":["https:\/\/pgraber.org\/blog\/capo-testa-promontoire-face-a-la-corse\/#respond"]}]},{"@type":"WebPage","@id":"https:\/\/pgraber.org\/blog\/capo-testa-promontoire-face-a-la-corse\/","url":"https:\/\/pgraber.org\/blog\/capo-testa-promontoire-face-a-la-corse\/","name":"Capo Testa, promontoire face \u00e0 la Corse &#8211; Blog-notes","isPartOf":{"@id":"https:\/\/pgraber.org\/blog\/#website"},"primaryImageOfPage":{"@id":"https:\/\/pgraber.org\/blog\/capo-testa-promontoire-face-a-la-corse\/#primaryimage"},"image":{"@id":"https:\/\/pgraber.org\/blog\/capo-testa-promontoire-face-a-la-corse\/#primaryimage"},"thumbnailUrl":"https:\/\/photos.pgraber.org\/_data\/i\/upload\/2026\/08\/26\/20260826082752-b3a0e2d7-xl.jpg","datePublished":"2024-04-13T20:00:00+00:00","dateModified":"2026-08-26T09:01:20+00:00","breadcrumb":{"@id":"https:\/\/pgraber.org\/blog\/capo-testa-promontoire-face-a-la-corse\/#breadcrumb"},"inLanguage":"fr-FR","potentialAction":[{"@type":"ReadAction","target":["https:\/\/pgraber.org\/blog\/capo-testa-promontoire-face-a-la-corse\/"]}]},{"@type":"ImageObject","inLanguage":"fr-FR","@id":"https:\/\/pgraber.org\/blog\/capo-testa-promontoire-face-a-la-corse\/#primaryimage","url":"https:\/\/photos.pgraber.org\/_data\/i\/upload\/2026\/08\/26\/20260826082752-b3a0e2d7-xl.jpg","contentUrl":"https:\/\/photos.pgraber.org\/_data\/i\/upload\/2026\/08\/26\/20260826082752-b3a0e2d7-xl.jpg"},{"@type":"BreadcrumbList","@id":"https:\/\/pgraber.org\/blog\/capo-testa-promontoire-face-a-la-corse\/#breadcrumb","itemListElement":[{"@type":"ListItem","position":1,"name":"Accueil","item":"https:\/\/pgraber.org\/blog\/"},{"@type":"ListItem","position":2,"name":"Capo Testa, promontoire face \u00e0 la Corse"}]},{"@type":"WebSite","@id":"https:\/\/pgraber.org\/blog\/#website","url":"https:\/\/pgraber.org\/blog\/","name":"Blog-notes","description":"\u00c9ph\u00e9m\u00e9ritudes","publisher":{"@id":"https:\/\/pgraber.org\/blog\/#\/schema\/person\/8e14accee473764711ea8a64bc9a754a"},"potentialAction":[{"@type":"SearchAction","target":{"@type":"EntryPoint","urlTemplate":"https:\/\/pgraber.org\/blog\/?s={search_term_string}"},"query-input":{"@type":"PropertyValueSpecification","valueRequired":true,"valueName":"search_term_string"}}],"inLanguage":"fr-FR"},{"@type":["Person","Organization"],"@id":"https:\/\/pgraber.org\/blog\/#\/schema\/person\/8e14accee473764711ea8a64bc9a754a","name":"Pierre Graber","image":{"@type":"ImageObject","inLanguage":"fr-FR","@id":"https:\/\/pgraber.org\/blog\/wp-content\/uploads\/2021\/03\/blog-notes21.png","url":"https:\/\/pgraber.org\/blog\/wp-content\/uploads\/2021\/03\/blog-notes21.png","contentUrl":"https:\/\/pgraber.org\/blog\/wp-content\/uploads\/2021\/03\/blog-notes21.png","width":1600,"height":400,"caption":"Pierre Graber"},"logo":{"@id":"https:\/\/pgraber.org\/blog\/wp-content\/uploads\/2021\/03\/blog-notes21.png"},"description":"Enseignant retrait\u00e9. Accueil en chambres d'h\u00f4tes \u00e0 Bevaix.","sameAs":["https:\/\/pgraber.org\/blog","https:\/\/www.facebook.com\/graberp\/"]}]}},"jetpack_sharing_enabled":true,"jetpack_featured_media_url":"","_links":{"self":[{"href":"https:\/\/pgraber.org\/blog\/wp-json\/wp\/v2\/posts\/1084","targetHints":{"allow":["GET"]}}],"collection":[{"href":"https:\/\/pgraber.org\/blog\/wp-json\/wp\/v2\/posts"}],"about":[{"href":"https:\/\/pgraber.org\/blog\/wp-json\/wp\/v2\/types\/post"}],"author":[{"embeddable":true,"href":"https:\/\/pgraber.org\/blog\/wp-json\/wp\/v2\/users\/1"}],"replies":[{"embeddable":true,"href":"https:\/\/pgraber.org\/blog\/wp-json\/wp\/v2\/comments?post=1084"}],"version-history":[{"count":1,"href":"https:\/\/pgraber.org\/blog\/wp-json\/wp\/v2\/posts\/1084\/revisions"}],"predecessor-version":[{"id":1085,"href":"https:\/\/pgraber.org\/blog\/wp-json\/wp\/v2\/posts\/1084\/revisions\/1085"}],"wp:attachment":[{"href":"https:\/\/pgraber.org\/blog\/wp-json\/wp\/v2\/media?parent=1084"}],"wp:term":[{"taxonomy":"category","embeddable":true,"href":"https:\/\/pgraber.org\/blog\/wp-json\/wp\/v2\/categories?post=1084"},{"taxonomy":"post_tag","embeddable":true,"href":"https:\/\/pgraber.org\/blog\/wp-json\/wp\/v2\/tags?post=1084"}],"curies":[{"name":"wp","href":"https:\/\/api.w.org\/{rel}","templated":true}]}}